{"id":5306,"date":"2019-05-10T13:44:29","date_gmt":"2019-05-10T17:44:29","guid":{"rendered":"https:\/\/monastere.ca\/non-classifiee\/the-children-of-the-tour\/"},"modified":"2019-06-05T18:54:06","modified_gmt":"2019-06-05T22:54:06","slug":"the-children-of-the-tour","status":"publish","type":"post","link":"https:\/\/monastere.ca\/en\/culture-2\/the-children-of-the-tour\/","title":{"rendered":"The Children of the &#8220;Tour&#8221;"},"content":{"rendered":"<div class=\"item wysiwyg component-paragraph\" ><div class=\"container\">\n<p><em>As part of a traineeship project for her Bachelor&#8217;s Degree in Historical Science and Heritage studies at Universit\u00e9 Laval, Farah Verret had the opportunity to work with the \u201cFonds Enfants abandonn\u00e9s\u201d at the <a href=\"https:\/\/archives.monastere.ca\/about-us\">archives centre of Le Monast\u00e8re des Augustines<\/a>. The Fund includes records, notes, correspondence and extracts from parish registers. With a goal to &#8220;understand and share the Fund,&#8221; Verret scanned 600 notes and literally transcribed 515 of these documents in anticipation of their possible release online. She wrote this article about &#8220;The Children of the Tour&#8221; as part of her internship experience at the <a href=\"https:\/\/archives.monastere.ca\/about-us\">archives centre<\/a>.<\/em><\/p>\n<\/div><\/div>\n\n\n<!--more-->\n\n\n<div class=\"item wysiwyg component-image\" ><div class=\"container\">\n<figure class=\"wp-block-image\"><img decoding=\"async\" src=\"https:\/\/monastere.ca\/wp-content\/uploads\/old\/2019\/05\/La-porte-conventuelle-et-le-tour.-Monast\u00e8re-de-lH\u00f4tel-Dieu-de-Qu\u00e9bec.-Photo-Livernois-1927.-HDQ-F1-N12_13_8-714x1024.jpg\" alt=\"\" class=\"wp-image-4191\"\/><figcaption> The monastery door and the <em>tour<\/em> of the H\u00f4tel-Dieu de Qu\u00e9bec monastery. <br> Photo Livernois, 1927. (HDQ-F1-N1,2_13_8)  <br>\u00a9 Archives du Monast\u00e8re des Augustines <\/figcaption><\/figure>\n<\/div><\/div>\n\n<div class=\"item wysiwyg component-paragraph\" ><div class=\"container\">\n<p>Most\nvisitors to Le Monast\u00e8re des Augustines\u2019 museum have passed by the \u201ctour<a href=\"#_ftn1\">[1]<\/a>\u201d\ndoor. It was often seen as the cloister\u2019s symbol, enabling the nuns to manage\nvisitors and collect donations left by outside citizens for the community.\nPeople also left mail and other items for the H\u00f4tel-Dieu de Qu\u00e9bec monastery\u2019s\nnuns. In a way, the tour provided a restricted exchange with the outside world,\nwhile respecting the monastery\u2019s space, which was reserved for the nuns. This\nlarge cylindrical wood design was equipped with a rotating mechanism, so\noutsiders could deposit items without seeing the nuns.<\/p>\n<\/div><\/div>\n\n<div class=\"item wysiwyg component-paragraph\" ><div class=\"container\">\n<p>In\naddition to this kind of \u201cnormal\u201d use, the H\u00f4tel-Dieu monastery tour in Qu\u00e9bec\nCity was also used during a little-known period in the city\u2019s history: the\nabandonment of children during the 19th century. In fact, between 1801 and\n1845, the Augustinian Sisters took in nearly 1400 children abandoned in the tour\nand looked after placing them with foster families. From the moment a baby was left\nin the tour, the nuns took responsibility for the child until it was finally\nplaced with a family. Let&#8217;s take a closer look at this remarkable time in the\nhistory of the H\u00f4tel-Dieu de Qu\u00e9bec.<\/p>\n<\/div><\/div>\n\n<div class=\"item wysiwyg component-heading\" ><div class=\"container\">\n<h3 class=\"wp-block-heading\">Why take care of abandoned children?<\/h3>\n<\/div><\/div>\n\n<div class=\"item wysiwyg component-paragraph\" ><div class=\"container\">\n<p>At\nthe beginning of the 19th century, Qu\u00e9bec City was an important port where the\npopulation was constantly changing. It is said that economic vitality also\ncaused a loose of morals; demographic data reveals an increase in the number of\nchildren abandoned by their parents. There were many reasons for abandonment. Sometimes\nthe mother was a young girl. Other times, it was due to \u201cillegitimate\u201d unions\nor a lack of financial resources, etc. The influence of the Catholic religion\nand its conjugal morality ensured that unwanted pregnancies were often hidden. The\nprovincial government at the time stated that it was very concerned about these\nsocial practices; newborns were left in public places, such as church benches,\nin baskets or even in the streets.<a href=\"#_ftn2\">[2]<\/a><\/p>\n<\/div><\/div>\n\n<div class=\"item wysiwyg component-paragraph\" ><div class=\"container\">\n<p>This\nsituation forced the authorities to ask for the Augustinian congregation\u2019s help\nin taking in children without families. The nuns were initially reluctant to fulfill\nthis request, as their primary purpose was to provide care for the sick and to\nrespect their religious vows. On the other hand, they considered that because\nof the government\u2019s financial support, they would willingly accept, in particular\ndue to &#8220;humanitarian concern.&#8221; Sister Saint-Fran\u00e7ois, the Mother Superior\nat the time, decided to accept the Government of Lower Canada\u2019s request and to\nrescue these children entrusted to them. On March 3, 1801 she wrote, &#8220;through\nthis we will keep many small creatures alive that perish every day for lack of\npeople who care for them&#8230; we could give them a Christian education that would\nprovide them with morality and which would undoubtedly contribute to the\nsalvation of many.<a href=\"#_ftn3\">[3]<\/a>&#8221;\nIt was through this perspective that the nuns opened their arms to these\nneglected children.<\/p>\n<\/div><\/div>\n\n<div class=\"item wysiwyg component-heading\" ><div class=\"container\">\n<h3 class=\"wp-block-heading\">Nature of the agreement<\/h3>\n<\/div><\/div>\n\n<div class=\"item wysiwyg component-paragraph\" ><div class=\"container\">\n<p>The agreement struck with the authorities included the government&#8217;s coverage of childcare costs and the hiring of a secular woman who was primarily responsible for taking care of children for a certain period of time. They began to collect the unfortunate children within the monastery tour. The tour was equipped with a bell that was used to notify the Touri\u00e8re sister that something was just left behind. In some cases, it was a child, who was taken and quickly baptized, if it had not already been done, and brought to the hospital. After this stage, the children were placed with a nanny, generally in the countryside. These children, usually very young, were sometimes provided with notes left by the parents or by their parish priest. The notes contained various information; sometimes it\u2019s a letter that explain the reasons for abandonment. Other times, only the child\u2019s name with a request for baptism was indicated.                                                  <\/p>\n<\/div><\/div>\n\n<div class=\"item wysiwyg component-image\" ><div class=\"container\">\n<figure class=\"wp-block-image\"><img decoding=\"async\" src=\"https:\/\/monastere.ca\/wp-content\/uploads\/old\/2019\/05\/Billet-d\u2019enfant-abandonn\u00e9-avec-ruban-3-novembre-1818-HDQ-F3-B1_1_33.png\" alt=\"\" class=\"wp-image-4195\"\/><figcaption> Abandoned child note with ribbon, November 3, 1818<br>Fonds Enfants abandonn\u00e9s  <br> (HDQ-F3-B1\/1:33) <br>\u00a9 Archives du Monast\u00e8re des Augustines             <\/figcaption><\/figure>\n<\/div><\/div>\n\n<div class=\"item wysiwyg component-heading\" ><div class=\"container\">\n<h3 class=\"wp-block-heading\">The notes of abandoned children<\/h3>\n<\/div><\/div>\n\n<div class=\"item wysiwyg component-paragraph\" ><div class=\"container\">\n<p>Because of the Augustinian\u2019s great concern for record keeping, <a href=\"https:\/\/info.monastere.ca\/trouvaille-du-mois-billet-dune-enfant-abandonnee\/\">notes<\/a> and correspondence about abandoned children were kept. All were numbered for convenience, and there were two main types of notes. The first were notes received at the same time as children. These were usually produced by parents, a doctor or a priest. There were notes that indicated the reason for abandoning the child. For example, in note 123, it indicated that &#8220;the father is absent from the country and has abandoned his wife [&#8230;] and the mother and grandmother live together in great poverty and distress.&#8221;<a href=\"#_ftn4\">[4]<\/a> Other notes promise that the child will be re-claimed when the parents\u2019 conditions are adequate. Note 7, dated November 28, 1814, bears witness to such a situation. It reads that &#8220;the mother of the child\u2019s intention is to recover and will return when that time comes. I pray that this dear child is surrendered to no one but the one who will make a request of such in writing.<a href=\"#_ftn5\"><sup>[5]<\/sup><\/a>\u201d<\/p>\n<\/div><\/div>\n\n<div class=\"item wysiwyg component-paragraph\" ><div class=\"container\">\n<p>The\nsecond type of note was written by the children\u2019s parish priest. When the\nchildren were received, the nuns made sure that the children were baptized. A\nnote written by Sister Saint-Pierre, dated March 15, 1822, testifies to the\nimportance given to baptism. She wrote: &#8220;Sir, we do not find the baptism\nof Pierre H\u00e9bert in the parish, which gives me great anxiety.<a href=\"#_ftn6\">[6]<\/a>&#8221;\nOn the same note, a priest confirms a baptism on March 28, 1822. Other notes\npresent a request for the child. For example, in 362, priest Louis-Antoine\nMontminy mentioned that &#8220;Charles Drouin still wants to have one of the\nchildren left behind, if possible.&#8221; Note also that a good number of notes\nare excerpts from the Registery of Baptisms and Burials.\n \n<\/p>\n<\/div><\/div>\n\n<div class=\"item wysiwyg component-image\" ><div class=\"container\">\n<figure class=\"wp-block-image\"><img decoding=\"async\" src=\"https:\/\/monastere.ca\/wp-content\/uploads\/old\/2019\/05\/HDQ-F3-B1_1_494-page-001-821x1024.jpg\" alt=\"\" class=\"wp-image-4198\"\/><figcaption> Excerpt from the Baptism Registry, November 25, 1829   <br> Fonds Enfants abandonn\u00e9s (HDQ-F3-B1\/1:494) <br>\u00a9 Archives du Monast\u00e8re des Augustines <\/figcaption><\/figure>\n<\/div><\/div>\n\n<div class=\"item wysiwyg component-heading\" ><div class=\"container\">\n<h3 class=\"wp-block-heading\">The role of the nanny and government<\/h3>\n<\/div><\/div>\n\n<div class=\"item wysiwyg component-paragraph\" ><div class=\"container\">\n<p>Under\nthe nuns\u2019 strict supervision, the children were handed over to nannies that lived\nin the villages surrounding Qu\u00e9bec City. The Mother Superior of the community reserved\nthe right to investigate women and referred to the parish priest&#8217;s recommendations\nto ensure the children\u2019s safety and well-being. The government paid the\norphan&#8217;s subsidy to the hospital, which administered it. This usually included\na small amount of money and the provision of a few items, consisting mostly of\nclothing. The children lived there for about 18 months and were only removed by\ngovernment commissioners who then placed them with their new families.\n \n<\/p>\n<\/div><\/div>\n\n<div class=\"item wysiwyg component-image\" ><div class=\"container\">\n<figure class=\"wp-block-image\"><img decoding=\"async\" src=\"https:\/\/monastere.ca\/wp-content\/uploads\/old\/2019\/05\/Registre-des-enfants-aux-charges-de-commission-HDQ-F3-C1_1_2-660x1024.jpg\" alt=\"\" class=\"wp-image-4199\"\/><figcaption>Excerpt from a registry of commision children, the nanny and parishes, January 1, 1820<br>Fonds Enfants abandonn\u00e9s (HDQ-F3-C1\/1:2)<br>\u00a9 Archives du Monast\u00e8re des Augustines&nbsp; <\/figcaption><\/figure>\n<\/div><\/div>\n\n<div class=\"item wysiwyg component-paragraph\" ><div class=\"container\">\n<p>The\nage at which children were placed with their family fluctuated through time.\nChildren born between 1828 and 1845 were adopted or placed only after\ncelebrating their fifth birthday. Before 1828, the average age was 10 or 11. On\nFebruary 18, 1824, Sister Saint-Ambroise wrote to the parish priest of\nSainte-Marie-de-Beauce asking for help to find adoptive families for the\nchildren left in her care. The letter reflects the nuns\u2019 concern about their\nlittle prot\u00e9g\u00e9s\u2019 placement. Sister Saint-Ambroise asked to &#8220;help you place\nthose children currently boarded in your parish in a free and adoptive way into\nhonest families. It is too difficult for those of a tender age and it is\npossible for those who are 6, 7 or 8 years old.<a href=\"#_ftn7\">[7]<\/a>\u201d\nThe nuns insisted on the importance of raising children in families intending to\nwelcome them as their own.<\/p>\n<\/div><\/div>\n\n<div class=\"item wysiwyg component-paragraph\" ><div class=\"container\">\n<p>\n  \nIn 1808, in order to facilitate placement, the\ngovernment decided to appoint commissioners whose task was to place children of\n&#8220;suitable age&#8221; as apprentices with craftsmen or as domestic servants\nin private homes. The government instituted &#8220;contracts of commitment and\nlearning.&#8221; These contracts bound the child until he or she was 21 years of\nage<a href=\"#_ftn8\">[8]<\/a>.\n\n<\/p>\n<\/div><\/div>\n\n<div class=\"item wysiwyg component-image\" ><div class=\"container\">\n<figure class=\"wp-block-image\"><img decoding=\"async\" src=\"https:\/\/monastere.ca\/wp-content\/uploads\/old\/2019\/05\/Brevet-de-confiance-Marie-Catherine-McPherland-HDQ-F3-A1_2_5-657x1024.jpg\" alt=\"\" class=\"wp-image-4202\"\/><figcaption> Document legalizing the adoption of Marie-Catherine McPherland, July 5, 1824  <br>Fonds Enfants abandonn\u00e9s (HDQ-F3-A1\/2&nbsp;:5) <br>\u00a9 Archives du Monast\u00e8re des Augustines        <\/figcaption><\/figure>\n<\/div><\/div>\n\n<div class=\"item wysiwyg component-heading\" ><div class=\"container\">\n<h3 class=\"wp-block-heading\">End of the practice at H\u00f4tel-Dieu <\/h3>\n<\/div><\/div>\n\n<div class=\"item wysiwyg component-paragraph\" ><div class=\"container\">\n<p>By\n1835, the nuns faced serious financial problems. The government gradually decreased\nsubsidies for childcare, which affected the hospital&#8217;s budget. Each year, the\nnuns had to insist and negotiate firmly in order to receive a minimum of funds\nnecessary to operate this public service, as they could not bring themselves to\nabandon this mission. On February 12, 1845, Sister Saint-Pierre, the depositary\nof the H\u00f4tel-Dieu de Qu\u00e9bec, learned from the Mayor of Qu\u00e9bec City, Ren\u00e9\n\u00c9douard Caron, that the grants had been abolished definitively. From that\nmoment, the tour had to close its door to the children, since the service was\nnot viable without the government\u2019s financial support. Marie Providence was the\nlast child admitted to the tour on April 16, 1845. By 1850, the last children\nadmitted were all placed with families<a href=\"#_ftn9\">[9]<\/a>. <\/p>\n<\/div><\/div>\n\n<div class=\"item wysiwyg component-paragraph\" ><div class=\"container\">\n<p>The\nsecond half of the 19th century was marked by a certain standardization of care\nfor abandoned children. In both Qu\u00e9bec City and Montr\u00e9al, nurseries and\nhospices were opened to meet the needs of care for the vulnerable. The Sisters\nof Charity of Montreal founded a community in Qu\u00e9bec City and opened an\norphanage in 1849, changing the way abandoned children were handled. In a\ncertain way, the Augustinian Sisters of the H\u00f4tel-Dieu passed the torch and,\nwith the commissioners\u2019 permission, they gave the community the tools relating\nto abandoned children in order to continue the work started at the H\u00f4tel-Dieu.\nIt should be noted, however, that the Augustinian Sisters from the H\u00f4tel-Dieu du\nSacr\u00e9-C\u0153ur, located in the Saint-Sauveur district of Qu\u00e9bec City, also worked\nwith children; they welcomed over 9,600 children between 1872 and 1929.<\/p>\n<\/div><\/div>\n\n<div class=\"item wysiwyg component-image\" ><div class=\"container\">\n<figure class=\"wp-block-image\"><img decoding=\"async\" src=\"https:\/\/monastere.ca\/wp-content\/uploads\/old\/2019\/05\/Billet-d\u2019entr\u00e9e-de-Marie-Providence-16-avril-1845-HDQ-F3-B1_1_1-990x1024.jpg\" alt=\"\" class=\"wp-image-4205\"\/><figcaption> Marie Providence\u2019s entry note, April 16, 1845<br>Fonds Enfants abandonn\u00e9s (HDQ-F3-B1\/1) <br>\u00a9 Archives du Monast\u00e8re des Augustines<\/figcaption><\/figure>\n<\/div><\/div>\n\n<div class=\"item wysiwyg component-paragraph\" ><div class=\"container\">\n<p class=\"has-text-align-center\">***<\/p>\n<\/div><\/div>\n\n<div class=\"item wysiwyg component-paragraph\" ><div class=\"container\">\n<p>In all, 532\nchildren found a new family thanks to the H\u00f4tel-Dieu de Qu\u00e9bec\u2019s Augustinian\ncommunity. It should also be noted that 7% of the children left at the tour\nwere returned to their parents. However, of the 1,400 children left behind in\nthe H\u00f4tel-Dieu monastery\u2019s tour, more than half died in infancy. The important\ncollaboration with the community helped meet a crying need in society of that\ntime, and Augustinians archives bear witness to the significant and concrete\nactions that were put in place to provide support to families in need. In\nshort, the monastery\u2019s tour has served the well-being of society, even if that\nwas not the purpose for which it was originally intended.<\/p>\n<\/div><\/div>\n\n<div class=\"item wysiwyg component-paragraph\" ><div class=\"container\">\n<p><strong>Farah Verret<\/strong><br>Intern at the Centre d\u2019archives du Monast\u00e8re des Augustines<\/p>\n<\/div><\/div>\n\n<div class=\"item wysiwyg component-paragraph\" ><div class=\"container\">\n<p>Text reviewed by Sara B\u00e9langer and Hugues St-Pierre<br><\/p>\n<\/div><\/div>\n\n\n<hr class=\"wp-block-separator\"\/>\n\n\n<div class=\"item wysiwyg component-paragraph\" ><div class=\"container\">\n<p class=\"has-small-font-size\"><a href=\"#_ftnref1\">[1]<\/a> In a literal translation, it means <em>tower<\/em> in English. Sometimes, it can be called <em>turn<\/em>, or even <em>found wheel .<\/em> [Editor\u2019s note]<\/p>\n<\/div><\/div>\n\n<div class=\"item wysiwyg component-paragraph\" ><div class=\"container\">\n<p class=\"has-small-font-size\"><a href=\"#_ftnref2\">[2]<\/a> Claude Kaufholtz-Couture, <em>Biographies\ndes enfants abandonn\u00e9s du tour de l\u2019H\u00f4tel-Dieu de Qu\u00e9bec entre 1800 et 1845<\/em>,\nResearch report, Qu\u00e9bec, 2014, p. 19.<\/p>\n<\/div><\/div>\n\n<div class=\"item wysiwyg component-paragraph\" ><div class=\"container\">\n<p class=\"has-small-font-size\"><a href=\"#_ftnref3\">[3]<\/a> \u00ab&nbsp;[Que] par l\u00e0 nous conserverons la\nvie \u00e0 bien des petites cr\u00e9atures qui p\u00e9rissent tous les jours faute de\npersonnes qui en prennent soin&nbsp;[\u2026]&nbsp;que nous pourrions leur donner une\n\u00e9ducation chr\u00e9tienne qui les formerait aux bonnes m\u0153urs et qui contribuerait\nsans doute au salut de plusieurs.&nbsp;\u00bb Lettre de S\u0153ur Saint-Fran\u00e7ois,\n3 mars 1801, Qu\u00e9bec, Archives du Monast\u00e8re des Augustines. HDQ-F3-A1\/1.<\/p>\n<\/div><\/div>\n\n<div class=\"item wysiwyg component-paragraph\" ><div class=\"container\">\n<p class=\"has-small-font-size\"><a href=\"#_ftnref4\">[4]<\/a> \u00ab&nbsp;[Le] p\u00e8re est absent du pays et a\nabandonn\u00e9 sa femme [\u2026] et la m\u00e8re et grand-m\u00e8re vivent ensemble en grande\npauvret\u00e9 et d\u00e9tresse.&nbsp;\u00bb Billet d\u2019enfant abandonn\u00e9, mai 1822,\nQu\u00e9bec, Archives du Monast\u00e8re des Augustines, traduction libre,\nHDQ-F3-B1\/1&nbsp;:123.<\/p>\n<\/div><\/div>\n\n<div class=\"item wysiwyg component-paragraph\" ><div class=\"container\">\n<p class=\"has-small-font-size\"><a href=\"#_ftnref5\">[5]<\/a> \u00ab&nbsp;[L]\u2019intention de la m\u00e8re de la [l\u2019enfant] ravoir et quand se tems\nla ser\u00e0 venut, je prie que cette Chere Enfant se soye livr\u00e9 \u00e0 aucune personne\nque celui qui produira un requisition a se sujet qui ser\u00e0 de pareille \u00e9criture\nque celle s\u2019y.&nbsp;\u00bb &nbsp;Billet d\u2019enfant abandonn\u00e9, 28 novembre 1814, Qu\u00e9bec,\nArchives du Monast\u00e8re des Augustines, HDQ-F3-B1\/1&nbsp;:7.<\/p>\n<\/div><\/div>\n\n<div class=\"item wysiwyg component-paragraph\" ><div class=\"container\">\n<p class=\"has-small-font-size\"><a href=\"#_ftnref6\">[6]<\/a> \u00ab&nbsp;Monsieur, on ne trouve pas \u00e0 la paroisse le bapt\u00eame de Pierre\nH\u00e9bert, ce qui me donne de grandes inqui\u00e9tudes.&nbsp;\u00bb Note de s\u0153ur\nSaint-Pierre, 15 mars 1822, Qu\u00e9bec, Archives du Monast\u00e8re des Augustines,\nHDQ-F3-B1\/1&nbsp;:110.<\/p>\n<\/div><\/div>\n\n<div class=\"item wysiwyg component-paragraph\" ><div class=\"container\">\n<p class=\"has-small-font-size\"><a href=\"#_ftnref7\">[7]<\/a> \u00ab&nbsp;[\u2026] assister de vos soins \u00e0 l\u2019effet de\nplacer d\u2019une mani\u00e8re gratuite et adoptive dans des familles honn\u00eates ceux de\nces enfants se trouvent actuellement en pension dans votre paroisse. Si la\nchose trouve trop de difficult\u00e9 pour ceux d\u2019un \u00e2ge encore trop tendre et\nqu\u2019elle soit possible pour ceux qui ont 6, 7 ou 8&nbsp;ans.&nbsp;\u00bb Lettre de s\u0153ur Saint-Ambroise, 18\nf\u00e9vrier 1824, Qu\u00e9bec, Archives du Monast\u00e8re des Augustines, HDQ-F3-A1\/1.<\/p>\n<\/div><\/div>\n\n<div class=\"item wysiwyg component-paragraph\" ><div class=\"container\">\n<p class=\"has-small-font-size\"><a href=\"#_ftnref8\">[8]<\/a> Ren\u00e9e Joyal, <em>L\u2019\u00e9volution de la protection de l\u2019enfance au Qu\u00e9bec&nbsp;: des origines\n\u00e0 nos jours<\/em>, Sainte-Foy, Presses de l\u2019Universit\u00e9 du Qu\u00e9bec, 2000, p. 22.<\/p>\n<\/div><\/div>\n\n<div class=\"item wysiwyg component-paragraph\" ><div class=\"container\">\n<p class=\"has-small-font-size\"><a href=\"#_ftnref9\">[9]<\/a> Claude Kaufholtz-Couture, <em>Biographies\ndes enfants abandonn\u00e9s du tour de l\u2019H\u00f4tel-Dieu de Qu\u00e9bec entre 1800 et 1845<\/em>,\nResearch report, Qu\u00e9bec, 2014, p. 55-61.<\/p>\n<\/div><\/div>","protected":false},"excerpt":{"rendered":"As part of a traineeship project for her Bachelor&#8217;s Degree in Historical Science and Heritage studies at Universit\u00e9 Laval, Farah Verret had the opportunity to work with the \u201cFonds Enfants abandonn\u00e9s\u201d at the archives centre of Le Monast\u00e8re des Augustines. The Fund includes records, notes, correspondence and extracts from parish registers. With a goal to [&hellip;]","protected":false},"author":1,"featured_media":5307,"comment_status":"closed","ping_status":"closed","sticky":false,"template":"","format":"standard","meta":{"_acf_changed":false,"footnotes":""},"categories":[146],"tags":[],"authors":[171],"class_list":["post-5306","post","type-post","status-publish","format-standard","has-post-thumbnail","hentry","category-culture-2","authors-f-verret"],"acf":[],"yoast_head":"<!-- This site is optimized with the Yoast SEO plugin v27.3 - https:\/\/yoast.com\/product\/yoast-seo-wordpress\/ -->\n<title>The Children of the &quot;Tour&quot; - Monast\u00e8re des Augustines<\/title>\n<meta name=\"robots\" content=\"index, follow, max-snippet:-1, max-image-preview:large, max-video-preview:-1\" \/>\n<link rel=\"canonical\" href=\"https:\/\/monastere.ca\/en\/culture-2\/the-children-of-the-tour\/\" \/>\n<meta property=\"og:locale\" content=\"en_US\" \/>\n<meta property=\"og:type\" content=\"article\" \/>\n<meta property=\"og:title\" content=\"The Children of the &quot;Tour&quot; - Monast\u00e8re des Augustines\" \/>\n<meta property=\"og:description\" content=\"As part of a traineeship project for her Bachelor&#8217;s Degree in Historical Science and Heritage studies at Universit\u00e9 Laval, Farah Verret had the opportunity to work with the \u201cFonds Enfants abandonn\u00e9s\u201d at the archives centre of Le Monast\u00e8re des Augustines. The Fund includes records, notes, correspondence and extracts from parish registers. With a goal to [&hellip;]\" \/>\n<meta property=\"og:url\" content=\"https:\/\/monastere.ca\/en\/culture-2\/the-children-of-the-tour\/\" \/>\n<meta property=\"og:site_name\" content=\"Monast\u00e8re des Augustines\" \/>\n<meta property=\"article:publisher\" content=\"https:\/\/www.facebook.com\/monastere.ca\/?locale=fr_CA\" \/>\n<meta property=\"article:published_time\" content=\"2019-05-10T17:44:29+00:00\" \/>\n<meta property=\"article:modified_time\" content=\"2019-06-05T22:54:06+00:00\" \/>\n<meta property=\"og:image\" content=\"https:\/\/monastere.ca\/wp-content\/uploads\/2023\/09\/porte-conventuelle-et-tour-609x365-1.jpg\" \/>\n\t<meta property=\"og:image:width\" content=\"609\" \/>\n\t<meta property=\"og:image:height\" content=\"365\" \/>\n\t<meta property=\"og:image:type\" content=\"image\/jpeg\" \/>\n<meta name=\"author\" content=\"ixmedia\" \/>\n<meta name=\"twitter:card\" content=\"summary_large_image\" \/>\n<meta name=\"twitter:label1\" content=\"Written by\" \/>\n\t<meta name=\"twitter:data1\" content=\"ixmedia\" \/>\n\t<meta name=\"twitter:label2\" content=\"Est. reading time\" \/>\n\t<meta name=\"twitter:data2\" content=\"11 minutes\" \/>\n<script type=\"application\/ld+json\" class=\"yoast-schema-graph\">{\"@context\":\"https:\\\/\\\/schema.org\",\"@graph\":[{\"@type\":\"Article\",\"@id\":\"https:\\\/\\\/monastere.ca\\\/en\\\/culture-2\\\/the-children-of-the-tour\\\/#article\",\"isPartOf\":{\"@id\":\"https:\\\/\\\/monastere.ca\\\/en\\\/culture-2\\\/the-children-of-the-tour\\\/\"},\"author\":{\"name\":\"ixmedia\",\"@id\":\"https:\\\/\\\/monastere.ca\\\/en\\\/#\\\/schema\\\/person\\\/928c2ec72082d80a5dfc2fee9985d13f\"},\"headline\":\"The Children of the &#8220;Tour&#8221;\",\"datePublished\":\"2019-05-10T17:44:29+00:00\",\"dateModified\":\"2019-06-05T22:54:06+00:00\",\"mainEntityOfPage\":{\"@id\":\"https:\\\/\\\/monastere.ca\\\/en\\\/culture-2\\\/the-children-of-the-tour\\\/\"},\"wordCount\":2290,\"publisher\":{\"@id\":\"https:\\\/\\\/monastere.ca\\\/en\\\/#organization\"},\"image\":{\"@id\":\"https:\\\/\\\/monastere.ca\\\/en\\\/culture-2\\\/the-children-of-the-tour\\\/#primaryimage\"},\"thumbnailUrl\":\"https:\\\/\\\/monastere.ca\\\/wp-content\\\/uploads\\\/2023\\\/09\\\/porte-conventuelle-et-tour-609x365-1.jpg\",\"articleSection\":[\"Culture\"],\"inLanguage\":\"en-US\"},{\"@type\":\"WebPage\",\"@id\":\"https:\\\/\\\/monastere.ca\\\/en\\\/culture-2\\\/the-children-of-the-tour\\\/\",\"url\":\"https:\\\/\\\/monastere.ca\\\/en\\\/culture-2\\\/the-children-of-the-tour\\\/\",\"name\":\"The Children of the \\\"Tour\\\" - Monast\u00e8re des Augustines\",\"isPartOf\":{\"@id\":\"https:\\\/\\\/monastere.ca\\\/en\\\/#website\"},\"primaryImageOfPage\":{\"@id\":\"https:\\\/\\\/monastere.ca\\\/en\\\/culture-2\\\/the-children-of-the-tour\\\/#primaryimage\"},\"image\":{\"@id\":\"https:\\\/\\\/monastere.ca\\\/en\\\/culture-2\\\/the-children-of-the-tour\\\/#primaryimage\"},\"thumbnailUrl\":\"https:\\\/\\\/monastere.ca\\\/wp-content\\\/uploads\\\/2023\\\/09\\\/porte-conventuelle-et-tour-609x365-1.jpg\",\"datePublished\":\"2019-05-10T17:44:29+00:00\",\"dateModified\":\"2019-06-05T22:54:06+00:00\",\"breadcrumb\":{\"@id\":\"https:\\\/\\\/monastere.ca\\\/en\\\/culture-2\\\/the-children-of-the-tour\\\/#breadcrumb\"},\"inLanguage\":\"en-US\",\"potentialAction\":[{\"@type\":\"ReadAction\",\"target\":[\"https:\\\/\\\/monastere.ca\\\/en\\\/culture-2\\\/the-children-of-the-tour\\\/\"]}]},{\"@type\":\"ImageObject\",\"inLanguage\":\"en-US\",\"@id\":\"https:\\\/\\\/monastere.ca\\\/en\\\/culture-2\\\/the-children-of-the-tour\\\/#primaryimage\",\"url\":\"https:\\\/\\\/monastere.ca\\\/wp-content\\\/uploads\\\/2023\\\/09\\\/porte-conventuelle-et-tour-609x365-1.jpg\",\"contentUrl\":\"https:\\\/\\\/monastere.ca\\\/wp-content\\\/uploads\\\/2023\\\/09\\\/porte-conventuelle-et-tour-609x365-1.jpg\",\"width\":609,\"height\":365},{\"@type\":\"BreadcrumbList\",\"@id\":\"https:\\\/\\\/monastere.ca\\\/en\\\/culture-2\\\/the-children-of-the-tour\\\/#breadcrumb\",\"itemListElement\":[{\"@type\":\"ListItem\",\"position\":1,\"name\":\"Accueil\",\"item\":\"https:\\\/\\\/monastere.ca\\\/en\\\/\"},{\"@type\":\"ListItem\",\"position\":2,\"name\":\"The Children of the \u00ab\u00a0Tour\u00a0\u00bb\"}]},{\"@type\":\"WebSite\",\"@id\":\"https:\\\/\\\/monastere.ca\\\/en\\\/#website\",\"url\":\"https:\\\/\\\/monastere.ca\\\/en\\\/\",\"name\":\"Monast\u00e8re des Augustines\",\"description\":\"Monast\u00e8re des Augustines, un havre patrimonial authentique de sant\u00e9 et de mieux-\u00eatre avec atelier, spa, mus\u00e9e, restaurant et h\u00f4tellerie au Qu\u00e9bec.\",\"publisher\":{\"@id\":\"https:\\\/\\\/monastere.ca\\\/en\\\/#organization\"},\"potentialAction\":[{\"@type\":\"SearchAction\",\"target\":{\"@type\":\"EntryPoint\",\"urlTemplate\":\"https:\\\/\\\/monastere.ca\\\/en\\\/?s={search_term_string}\"},\"query-input\":{\"@type\":\"PropertyValueSpecification\",\"valueRequired\":true,\"valueName\":\"search_term_string\"}}],\"inLanguage\":\"en-US\"},{\"@type\":\"Organization\",\"@id\":\"https:\\\/\\\/monastere.ca\\\/en\\\/#organization\",\"name\":\"Monast\u00e8re des Augustines\",\"url\":\"https:\\\/\\\/monastere.ca\\\/en\\\/\",\"logo\":{\"@type\":\"ImageObject\",\"inLanguage\":\"en-US\",\"@id\":\"https:\\\/\\\/monastere.ca\\\/en\\\/#\\\/schema\\\/logo\\\/image\\\/\",\"url\":\"https:\\\/\\\/monastere.ca\\\/wp-content\\\/uploads\\\/2023\\\/07\\\/logo-monastere.svg\",\"contentUrl\":\"https:\\\/\\\/monastere.ca\\\/wp-content\\\/uploads\\\/2023\\\/07\\\/logo-monastere.svg\",\"width\":1,\"height\":1,\"caption\":\"Monast\u00e8re des Augustines\"},\"image\":{\"@id\":\"https:\\\/\\\/monastere.ca\\\/en\\\/#\\\/schema\\\/logo\\\/image\\\/\"},\"sameAs\":[\"https:\\\/\\\/www.facebook.com\\\/monastere.ca\\\/?locale=fr_CA\",\"https:\\\/\\\/www.instagram.com\\\/lemonasteredesaugustines\\\/\",\"https:\\\/\\\/www.linkedin.com\\\/company\\\/le-monastere-des-augustines\\\/?originalSubdomain=ca\",\"https:\\\/\\\/fr.tripadvisor.ca\\\/Hotel_Review-g155033-d8460643-Reviews-Le_Monastere_des_Augustines-Quebec_City_Quebec.html\"]},{\"@type\":\"Person\",\"@id\":\"https:\\\/\\\/monastere.ca\\\/en\\\/#\\\/schema\\\/person\\\/928c2ec72082d80a5dfc2fee9985d13f\",\"name\":\"ixmedia\",\"image\":{\"@type\":\"ImageObject\",\"inLanguage\":\"en-US\",\"@id\":\"https:\\\/\\\/secure.gravatar.com\\\/avatar\\\/f7c3712cb9481494136df939090418c1f2249bec8d254a8813fd79db6ea80053?s=96&d=mm&r=g\",\"url\":\"https:\\\/\\\/secure.gravatar.com\\\/avatar\\\/f7c3712cb9481494136df939090418c1f2249bec8d254a8813fd79db6ea80053?s=96&d=mm&r=g\",\"contentUrl\":\"https:\\\/\\\/secure.gravatar.com\\\/avatar\\\/f7c3712cb9481494136df939090418c1f2249bec8d254a8813fd79db6ea80053?s=96&d=mm&r=g\",\"caption\":\"ixmedia\"},\"sameAs\":[\"https:\\\/\\\/monastere.ca\"]}]}<\/script>\n<!-- \/ Yoast SEO plugin. -->","yoast_head_json":{"title":"The Children of the \"Tour\" - Monast\u00e8re des Augustines","robots":{"index":"index","follow":"follow","max-snippet":"max-snippet:-1","max-image-preview":"max-image-preview:large","max-video-preview":"max-video-preview:-1"},"canonical":"https:\/\/monastere.ca\/en\/culture-2\/the-children-of-the-tour\/","og_locale":"en_US","og_type":"article","og_title":"The Children of the \"Tour\" - Monast\u00e8re des Augustines","og_description":"As part of a traineeship project for her Bachelor&#8217;s Degree in Historical Science and Heritage studies at Universit\u00e9 Laval, Farah Verret had the opportunity to work with the \u201cFonds Enfants abandonn\u00e9s\u201d at the archives centre of Le Monast\u00e8re des Augustines. The Fund includes records, notes, correspondence and extracts from parish registers. With a goal to [&hellip;]","og_url":"https:\/\/monastere.ca\/en\/culture-2\/the-children-of-the-tour\/","og_site_name":"Monast\u00e8re des Augustines","article_publisher":"https:\/\/www.facebook.com\/monastere.ca\/?locale=fr_CA","article_published_time":"2019-05-10T17:44:29+00:00","article_modified_time":"2019-06-05T22:54:06+00:00","og_image":[{"width":609,"height":365,"url":"https:\/\/monastere.ca\/wp-content\/uploads\/2023\/09\/porte-conventuelle-et-tour-609x365-1.jpg","type":"image\/jpeg"}],"author":"ixmedia","twitter_card":"summary_large_image","twitter_misc":{"Written by":"ixmedia","Est. reading time":"11 minutes"},"schema":{"@context":"https:\/\/schema.org","@graph":[{"@type":"Article","@id":"https:\/\/monastere.ca\/en\/culture-2\/the-children-of-the-tour\/#article","isPartOf":{"@id":"https:\/\/monastere.ca\/en\/culture-2\/the-children-of-the-tour\/"},"author":{"name":"ixmedia","@id":"https:\/\/monastere.ca\/en\/#\/schema\/person\/928c2ec72082d80a5dfc2fee9985d13f"},"headline":"The Children of the &#8220;Tour&#8221;","datePublished":"2019-05-10T17:44:29+00:00","dateModified":"2019-06-05T22:54:06+00:00","mainEntityOfPage":{"@id":"https:\/\/monastere.ca\/en\/culture-2\/the-children-of-the-tour\/"},"wordCount":2290,"publisher":{"@id":"https:\/\/monastere.ca\/en\/#organization"},"image":{"@id":"https:\/\/monastere.ca\/en\/culture-2\/the-children-of-the-tour\/#primaryimage"},"thumbnailUrl":"https:\/\/monastere.ca\/wp-content\/uploads\/2023\/09\/porte-conventuelle-et-tour-609x365-1.jpg","articleSection":["Culture"],"inLanguage":"en-US"},{"@type":"WebPage","@id":"https:\/\/monastere.ca\/en\/culture-2\/the-children-of-the-tour\/","url":"https:\/\/monastere.ca\/en\/culture-2\/the-children-of-the-tour\/","name":"The Children of the \"Tour\" - Monast\u00e8re des Augustines","isPartOf":{"@id":"https:\/\/monastere.ca\/en\/#website"},"primaryImageOfPage":{"@id":"https:\/\/monastere.ca\/en\/culture-2\/the-children-of-the-tour\/#primaryimage"},"image":{"@id":"https:\/\/monastere.ca\/en\/culture-2\/the-children-of-the-tour\/#primaryimage"},"thumbnailUrl":"https:\/\/monastere.ca\/wp-content\/uploads\/2023\/09\/porte-conventuelle-et-tour-609x365-1.jpg","datePublished":"2019-05-10T17:44:29+00:00","dateModified":"2019-06-05T22:54:06+00:00","breadcrumb":{"@id":"https:\/\/monastere.ca\/en\/culture-2\/the-children-of-the-tour\/#breadcrumb"},"inLanguage":"en-US","potentialAction":[{"@type":"ReadAction","target":["https:\/\/monastere.ca\/en\/culture-2\/the-children-of-the-tour\/"]}]},{"@type":"ImageObject","inLanguage":"en-US","@id":"https:\/\/monastere.ca\/en\/culture-2\/the-children-of-the-tour\/#primaryimage","url":"https:\/\/monastere.ca\/wp-content\/uploads\/2023\/09\/porte-conventuelle-et-tour-609x365-1.jpg","contentUrl":"https:\/\/monastere.ca\/wp-content\/uploads\/2023\/09\/porte-conventuelle-et-tour-609x365-1.jpg","width":609,"height":365},{"@type":"BreadcrumbList","@id":"https:\/\/monastere.ca\/en\/culture-2\/the-children-of-the-tour\/#breadcrumb","itemListElement":[{"@type":"ListItem","position":1,"name":"Accueil","item":"https:\/\/monastere.ca\/en\/"},{"@type":"ListItem","position":2,"name":"The Children of the \u00ab\u00a0Tour\u00a0\u00bb"}]},{"@type":"WebSite","@id":"https:\/\/monastere.ca\/en\/#website","url":"https:\/\/monastere.ca\/en\/","name":"Monast\u00e8re des Augustines","description":"Monast\u00e8re des Augustines, un havre patrimonial authentique de sant\u00e9 et de mieux-\u00eatre avec atelier, spa, mus\u00e9e, restaurant et h\u00f4tellerie au Qu\u00e9bec.","publisher":{"@id":"https:\/\/monastere.ca\/en\/#organization"},"potentialAction":[{"@type":"SearchAction","target":{"@type":"EntryPoint","urlTemplate":"https:\/\/monastere.ca\/en\/?s={search_term_string}"},"query-input":{"@type":"PropertyValueSpecification","valueRequired":true,"valueName":"search_term_string"}}],"inLanguage":"en-US"},{"@type":"Organization","@id":"https:\/\/monastere.ca\/en\/#organization","name":"Monast\u00e8re des Augustines","url":"https:\/\/monastere.ca\/en\/","logo":{"@type":"ImageObject","inLanguage":"en-US","@id":"https:\/\/monastere.ca\/en\/#\/schema\/logo\/image\/","url":"https:\/\/monastere.ca\/wp-content\/uploads\/2023\/07\/logo-monastere.svg","contentUrl":"https:\/\/monastere.ca\/wp-content\/uploads\/2023\/07\/logo-monastere.svg","width":1,"height":1,"caption":"Monast\u00e8re des Augustines"},"image":{"@id":"https:\/\/monastere.ca\/en\/#\/schema\/logo\/image\/"},"sameAs":["https:\/\/www.facebook.com\/monastere.ca\/?locale=fr_CA","https:\/\/www.instagram.com\/lemonasteredesaugustines\/","https:\/\/www.linkedin.com\/company\/le-monastere-des-augustines\/?originalSubdomain=ca","https:\/\/fr.tripadvisor.ca\/Hotel_Review-g155033-d8460643-Reviews-Le_Monastere_des_Augustines-Quebec_City_Quebec.html"]},{"@type":"Person","@id":"https:\/\/monastere.ca\/en\/#\/schema\/person\/928c2ec72082d80a5dfc2fee9985d13f","name":"ixmedia","image":{"@type":"ImageObject","inLanguage":"en-US","@id":"https:\/\/secure.gravatar.com\/avatar\/f7c3712cb9481494136df939090418c1f2249bec8d254a8813fd79db6ea80053?s=96&d=mm&r=g","url":"https:\/\/secure.gravatar.com\/avatar\/f7c3712cb9481494136df939090418c1f2249bec8d254a8813fd79db6ea80053?s=96&d=mm&r=g","contentUrl":"https:\/\/secure.gravatar.com\/avatar\/f7c3712cb9481494136df939090418c1f2249bec8d254a8813fd79db6ea80053?s=96&d=mm&r=g","caption":"ixmedia"},"sameAs":["https:\/\/monastere.ca"]}]}},"publishpress_future_workflow_manual_trigger":{"enabledWorkflows":[]},"_links":{"self":[{"href":"https:\/\/monastere.ca\/en\/wp-json\/wp\/v2\/posts\/5306","targetHints":{"allow":["GET"]}}],"collection":[{"href":"https:\/\/monastere.ca\/en\/wp-json\/wp\/v2\/posts"}],"about":[{"href":"https:\/\/monastere.ca\/en\/wp-json\/wp\/v2\/types\/post"}],"author":[{"embeddable":true,"href":"https:\/\/monastere.ca\/en\/wp-json\/wp\/v2\/users\/1"}],"replies":[{"embeddable":true,"href":"https:\/\/monastere.ca\/en\/wp-json\/wp\/v2\/comments?post=5306"}],"version-history":[{"count":0,"href":"https:\/\/monastere.ca\/en\/wp-json\/wp\/v2\/posts\/5306\/revisions"}],"wp:featuredmedia":[{"embeddable":true,"href":"https:\/\/monastere.ca\/en\/wp-json\/wp\/v2\/media\/5307"}],"wp:attachment":[{"href":"https:\/\/monastere.ca\/en\/wp-json\/wp\/v2\/media?parent=5306"}],"wp:term":[{"taxonomy":"category","embeddable":true,"href":"https:\/\/monastere.ca\/en\/wp-json\/wp\/v2\/categories?post=5306"},{"taxonomy":"post_tag","embeddable":true,"href":"https:\/\/monastere.ca\/en\/wp-json\/wp\/v2\/tags?post=5306"},{"taxonomy":"authors","embeddable":true,"href":"https:\/\/monastere.ca\/en\/wp-json\/wp\/v2\/authors?post=5306"}],"curies":[{"name":"wp","href":"https:\/\/api.w.org\/{rel}","templated":true}]}}