{"id":5293,"date":"2021-01-01T17:00:57","date_gmt":"2021-01-01T21:00:57","guid":{"rendered":"https:\/\/monastere.ca\/non-classifiee\/the-legacy-of-silence\/"},"modified":"2019-05-01T18:37:25","modified_gmt":"2019-05-01T22:37:25","slug":"the-legacy-of-silence","status":"publish","type":"post","link":"https:\/\/monastere.ca\/en\/culture-2\/the-legacy-of-silence\/","title":{"rendered":"The legacy of silence"},"content":{"rendered":"<div class=\"item wysiwyg component-paragraph\" ><div class=\"container\">\n<p>At Le Monast\u00e8re des Augustines, we have the\nprivilege and responsibility to preserve and enhance the material, immaterial,\nsocial and spiritual heritage of the Augustinian Sisters. Since silence has\nsettled in Le Monast\u00e8re in thin layers for more than 375 years, we recognize it\nas a paradoxically immaterial legacy, but one that is tangible. We are\nconstantly seeking ways to translate this legacy and modernize it in our modes\nof hospitality, our modalities of animation and our programming.<\/p>\n<\/div><\/div>\n\n\n<!--more-->\n\n\n<div class=\"item wysiwyg component-image\" ><div class=\"container\">\n<figure class=\"wp-block-image\"><img decoding=\"async\" src=\"https:\/\/monastere.ca\/wp-content\/uploads\/old\/2019\/04\/Religieuse-au-choeur-1920x1280-1024x683.jpg\" alt=\"\" class=\"wp-image-3942\"\/><figcaption> An Augustinian sister in the nuns\u2019 choir, monast\u00e8re de l&#8217;H\u00f4tel-Dieu de Qu\u00e9bec, 1978. <br>Fonds priv\u00e9 Pierre Bernier. <br> \u00a9 Archives du Monast\u00e8re des Augustines <\/figcaption><\/figure>\n<\/div><\/div>\n\n<div class=\"item wysiwyg component-heading\" ><div class=\"container\">\n<h3 class=\"wp-block-heading\">The Augustinians Sisters, followers of silence<\/h3>\n<\/div><\/div>\n\n<div class=\"item wysiwyg component-paragraph\" ><div class=\"container\">\n<p>The Augustinian Sisters lived semi-cloistered\nuntil 1965 since they worked with the sick; however, in their monastic and\ncommunity life, they retreated from the noise and activities of the secular\nworld.<\/p>\n<\/div><\/div>\n\n<div class=\"item wysiwyg component-paragraph\" ><div class=\"container\">\n<p>For the Augustinian Sisters, hospitality and\ncare are still maintained today by their inner lives, which call for silence\nand contemplation. Their rules of life determine the times and places devoted\nto the latter. For example, on certain days or time of the year, during their\ngroup meal in the refectory, silence is punctuated by readings.<\/p>\n<\/div><\/div>\n\n<div class=\"item wysiwyg component-paragraph\" ><div class=\"container\">\n<p>An Augustinian sister told us that beyond the\nrules governing silence, it is much more than just the absence of speech, it is\na highly-valued intimate experience. Being silent, she says, is much more about\nlistening than being quiet. She speaks of experiencing silence that favours self-discovery,\nmutual appreciation and valuing the sacred. Silence becomes an ally of inner peace,\ncreating an atmosphere of peace conducive for contemplation, meditation,\nconcentration and rest.<\/p>\n<\/div><\/div>\n\n<div class=\"item wysiwyg component-image\" ><div class=\"container\">\n<figure class=\"wp-block-image\"><img decoding=\"async\" src=\"https:\/\/monastere.ca\/wp-content\/uploads\/old\/2019\/04\/R\u00e9fectoire-chicoutimi-HG-A-26-1920x1106-1024x590.jpg\" alt=\"\" class=\"wp-image-3968\"\/><figcaption> <br>Nuns in the refectory of the monastery of H\u00f4tel-Dieu de Saint-Vallier de Chicoutimi, around 1930. On the wall, at the end of the room, reads a quote from Saint Fra\u00e7ois de Sales: \u201c<em>Le bruit ne fait pas de bien, le bien ne fait pas de bruit<a href=\"http:\/\/info.monastere.ca\/wp-admin\/post.php?post=4121&amp;action=edit#_ftn1\"><strong>[1]<\/strong><\/a><\/em>\u201d  (<a rel=\"noreferrer noopener\" href=\"https:\/\/archives.monastere.ca\/archive\/visite-des-religieuses-de-lhotel-dieu-de-quebec-au-refectoire-326\" target=\"_blank\">HG-A-26.12.4.6.16<\/a>) <br> Fonds Monast\u00e8re des Augustines de l&#8217;H\u00f4pital G\u00e9n\u00e9ral de Qu\u00e9bec<br> \u00a9 Archives du Monast\u00e8re des Augustines <\/figcaption><\/figure>\n<\/div><\/div>\n\n<div class=\"item wysiwyg component-heading\" ><div class=\"container\">\n<h3 class=\"wp-block-heading\">Silence: a common good to preserve<\/h3>\n<\/div><\/div>\n\n<div class=\"item wysiwyg component-paragraph\" ><div class=\"container\">\n<p>The Augustinian Sisterss maintain silence in\ntwo forms: inner silence and that which they call &#8220;silence of action.&#8221;\nThis silence of action entails slowing down, being careful not to make noise\nand murmur if necessary. An Augustinian sister refers to this silence as a\ncommon good to be preserved. In the wake of ecological concerns that befall our\nsociety, silence can have a political aspect, just like the preservation of\nendangered animal species!<\/p>\n<\/div><\/div>\n\n<div class=\"item wysiwyg component-heading\" ><div class=\"container\">\n<h3 class=\"wp-block-heading\">Silence and keeping your word<\/h3>\n<\/div><\/div>\n\n<div class=\"item wysiwyg component-paragraph\" ><div class=\"container\">\n<p>Those who visit Le Monast\u00e8re des Augustines describe\nthat the place itself embodies silence and peace. Although we try to preserve the\nspirit of Le Monast\u00e8re\u2019 site, the diversity of its services, its accessibility,\nits mixed use and visitor needs cause our <em>neo-monastery<\/em>\nto not be completely silent. For silence not to be experienced as a constraint\u2014even\nif it is presented as virtuous\u2014we rather offer an experience of inner silence.\nWe try to offer means that provide our visitors with a state of calm and a slow\npace conducive for inner silence. There is only one exception. We have the\naudacity to invite our guests to a breakfeast in silence. This choice, while\npaying tribute to Augustinian traditions, allows visitors to experience\nsomething truly extraordinary and explore the meaning of silence for\nthemselves.<\/p>\n<\/div><\/div>\n\n<div class=\"item wysiwyg component-image\" ><div class=\"container\">\n<figure class=\"wp-block-image\"><img decoding=\"async\" src=\"https:\/\/monastere.ca\/wp-content\/uploads\/old\/2019\/04\/Sentence-silence-2010_443a-1024x768.jpg\" alt=\"\" class=\"wp-image-3973\"\/><figcaption> <br>This <em>sentence <\/em>regarding silence is today hanging in the old vestibule, behind the ancient <em>tour\u2019s<\/em> lobby. <br>\u00a9 Collections du Monast\u00e8re des Augustines <\/figcaption><\/figure>\n<\/div><\/div>\n\n<div class=\"item wysiwyg component-heading\" ><div class=\"container\">\n<h3 class=\"wp-block-heading\">Silence: back to the source<\/h3>\n<\/div><\/div>\n\n<div class=\"item wysiwyg component-paragraph\" ><div class=\"container\">\n<p>Alain Corbin, in his book <em><a href=\"https:\/\/www.wiley.com\/en-ca\/A+History+of+Silence:+From+the+Renaissance+to+the+Present+Day-p-9781509517367\" target=\"_blank\" rel=\"noreferrer noopener\" aria-label=\" (s\u2019ouvre dans un nouvel onglet)\">A History of Silence<\/a><\/em>, which was published originally in 2016, dates back to the 16<sup>th<\/sup> and 17<sup>th<\/sup> centuries to better understand the scope of silence:<\/p>\n<\/div><\/div>\n\n\n<blockquote class=\"wp-block-quote is-layout-flow wp-block-quote-is-layout-flow\"><p><em>&#8220;Silence then was wealth, that of soul-searching and introspection. For Catholics, silence was all about prayer and listening to God. However, in the eighteenth and nineteenth centuries, with the triumph of romanticism and the sensitive soul, there was a true abundance of silence. (&#8230;) The silence of the mountains, the desert, the sea, the countryside and love speak to each other, although they didn\u2019t say much to each other in the seventeenth century. &#8220;<\/em><\/p><\/blockquote>\n\n\n<div class=\"item wysiwyg component-heading\" ><div class=\"container\">\n<h3 class=\"wp-block-heading\">Silence of benevolence <\/h3>\n<\/div><\/div>\n\n<div class=\"item wysiwyg component-paragraph\" ><div class=\"container\">\n<p>Thanks to this long-standing history of\nsilence, we have reintroduced silence in our activities so that visitors can\nexperience something truly significant for them. However, this silence is not\nmeant to be strict or all-consuming.<\/p>\n<\/div><\/div>\n\n<div class=\"item wysiwyg component-paragraph\" ><div class=\"container\">\n<p>In fact, we notice that Le Monast\u00e8re\u2019s atmosphere\nhas an effect on many visitors: people speak quietly, walk quietly and move\nmore calmly. It\u2019s often with joy that one agrees to stay in a room without a television\nand telephone in an authentic or contemporary setting.<\/p>\n<\/div><\/div>\n\n<div class=\"item wysiwyg component-paragraph\" ><div class=\"container\">\n<p>Our <a href=\"https:\/\/monastere.ca\/en\/programs\/activites-mouvement-et-ressourcement-1\/2019\/04\">Movement and Wellness activities<\/a> rely on silence to foster a sense of being in the present and tranquility. <a href=\"https:\/\/monastere.ca\/en\/programs\/agenda-des-evenements-6\/2019\/04\" target=\"_blank\" rel=\"noreferrer noopener\" aria-label=\" (s\u2019ouvre dans un nouvel onglet)\">Retreats of a few days<\/a> are also a special place for silence.<\/p>\n<\/div><\/div>\n\n<div class=\"item wysiwyg component-image\" ><div class=\"container\">\n<figure class=\"wp-block-image\"><img decoding=\"async\" src=\"https:\/\/monastere.ca\/wp-content\/uploads\/old\/2017\/11\/Corridor-MDA-600x435.jpg\" alt=\"\" class=\"wp-image-512\"\/><figcaption> Since its opening, Le Monast\u00e8re offers different activties that rely on silence, such as silence concerts. <\/figcaption><\/figure>\n<\/div><\/div>\n\n<div class=\"item wysiwyg component-heading\" ><div class=\"container\">\n<h3 class=\"wp-block-heading\">Silence concerts<\/h3>\n<\/div><\/div>\n\n<div class=\"item wysiwyg component-paragraph\" ><div class=\"container\">\n<p>Inspired by the fraternal and spiritual lives\nof the Augustinian Sisters, we developed a unique activity: silence concerts.\nThese are events where people come together to remain silent\u2014together. These\nconcerts can only exist if it becomes a common goal and for a common good. The\ndistinctive character of this silence, besides its collective aspect, is that\neveryone is invited to dedicate their silence to a person or a cause. This\ndedication ensures that the silence created individually, collectively and\nfraternally gains in depth. This experience of ephemeral, yet collective,\nsilence is the kind that helps people take care of themselves and others\u2014and\nencourages everyone to adopt the legacy of the Augustinian Sisters.<\/p>\n<\/div><\/div>\n\n<div class=\"item wysiwyg component-paragraph\" ><div class=\"container\">\n<p style=\"text-align:center\">***<\/p>\n<\/div><\/div>\n\n<div class=\"item wysiwyg component-paragraph\" ><div class=\"container\">\n<p>In 2019, Le Monast\u00e8re\u2019s team will pay close\nattention to silence part of our activities. We will continue the Augustinians\u2019\nlegacy of silence in a creative and contemporary way. Let\u2019s keep our words and do\nsilence together.<\/p>\n<\/div><\/div>\n\n<div class=\"item wysiwyg component-paragraph\" ><div class=\"container\">\n<p>Claudine Papin<br>Social Heritage Advisor<br><\/p>\n<\/div><\/div>\n\n\n<hr class=\"wp-block-separator\"\/>\n\n\n<div class=\"item wysiwyg component-paragraph\" ><div class=\"container\">\n<p><a href=\"#_ftnref1\">[1]<\/a> \u201cNoise does no good, Good makes no noise.\u201d<\/p>\n<\/div><\/div>","protected":false},"excerpt":{"rendered":"At Le Monast\u00e8re des Augustines, we have the privilege and responsibility to preserve and enhance the material, immaterial, social and spiritual heritage of the Augustinian Sisters. Since silence has settled in Le Monast\u00e8re in thin layers for more than 375 years, we recognize it as a paradoxically immaterial legacy, but one that is tangible. We [&hellip;]","protected":false},"author":1,"featured_media":5294,"comment_status":"closed","ping_status":"closed","sticky":false,"template":"","format":"standard","meta":{"_acf_changed":false,"footnotes":""},"categories":[146],"tags":[],"authors":[164],"class_list":["post-5293","post","type-post","status-publish","format-standard","has-post-thumbnail","hentry","category-culture-2","authors-c-papin"],"acf":[],"yoast_head":"<!-- This site is optimized with the Yoast SEO plugin v27.3 - https:\/\/yoast.com\/product\/yoast-seo-wordpress\/ -->\n<title>The legacy of silence - Monast\u00e8re des Augustines<\/title>\n<meta name=\"robots\" content=\"index, follow, max-snippet:-1, max-image-preview:large, max-video-preview:-1\" \/>\n<link rel=\"canonical\" href=\"https:\/\/monastere.ca\/en\/culture-2\/the-legacy-of-silence\/\" \/>\n<meta property=\"og:locale\" content=\"en_US\" \/>\n<meta property=\"og:type\" content=\"article\" \/>\n<meta property=\"og:title\" content=\"The legacy of silence - Monast\u00e8re des Augustines\" \/>\n<meta property=\"og:description\" content=\"At Le Monast\u00e8re des Augustines, we have the privilege and responsibility to preserve and enhance the material, immaterial, social and spiritual heritage of the Augustinian Sisters. Since silence has settled in Le Monast\u00e8re in thin layers for more than 375 years, we recognize it as a paradoxically immaterial legacy, but one that is tangible. We [&hellip;]\" \/>\n<meta property=\"og:url\" content=\"https:\/\/monastere.ca\/en\/culture-2\/the-legacy-of-silence\/\" \/>\n<meta property=\"og:site_name\" content=\"Monast\u00e8re des Augustines\" \/>\n<meta property=\"article:publisher\" content=\"https:\/\/www.facebook.com\/monastere.ca\/?locale=fr_CA\" \/>\n<meta property=\"article:published_time\" content=\"2021-01-01T21:00:57+00:00\" \/>\n<meta property=\"og:image\" content=\"https:\/\/monastere.ca\/wp-content\/uploads\/2023\/09\/Religieuse-au-choeur-609x365-1.jpg\" \/>\n\t<meta property=\"og:image:width\" content=\"609\" \/>\n\t<meta property=\"og:image:height\" content=\"365\" \/>\n\t<meta property=\"og:image:type\" content=\"image\/jpeg\" \/>\n<meta name=\"author\" content=\"ixmedia\" \/>\n<meta name=\"twitter:card\" content=\"summary_large_image\" \/>\n<meta name=\"twitter:label1\" content=\"Written by\" \/>\n\t<meta name=\"twitter:data1\" content=\"ixmedia\" \/>\n\t<meta name=\"twitter:label2\" content=\"Est. reading time\" \/>\n\t<meta name=\"twitter:data2\" content=\"5 minutes\" \/>\n<script type=\"application\/ld+json\" class=\"yoast-schema-graph\">{\"@context\":\"https:\\\/\\\/schema.org\",\"@graph\":[{\"@type\":\"Article\",\"@id\":\"https:\\\/\\\/monastere.ca\\\/en\\\/culture-2\\\/the-legacy-of-silence\\\/#article\",\"isPartOf\":{\"@id\":\"https:\\\/\\\/monastere.ca\\\/en\\\/culture-2\\\/the-legacy-of-silence\\\/\"},\"author\":{\"name\":\"ixmedia\",\"@id\":\"https:\\\/\\\/monastere.ca\\\/en\\\/#\\\/schema\\\/person\\\/928c2ec72082d80a5dfc2fee9985d13f\"},\"headline\":\"The legacy of silence\",\"datePublished\":\"2021-01-01T21:00:57+00:00\",\"mainEntityOfPage\":{\"@id\":\"https:\\\/\\\/monastere.ca\\\/en\\\/culture-2\\\/the-legacy-of-silence\\\/\"},\"wordCount\":995,\"publisher\":{\"@id\":\"https:\\\/\\\/monastere.ca\\\/en\\\/#organization\"},\"image\":{\"@id\":\"https:\\\/\\\/monastere.ca\\\/en\\\/culture-2\\\/the-legacy-of-silence\\\/#primaryimage\"},\"thumbnailUrl\":\"https:\\\/\\\/monastere.ca\\\/wp-content\\\/uploads\\\/2023\\\/09\\\/Religieuse-au-choeur-609x365-1.jpg\",\"articleSection\":[\"Culture\"],\"inLanguage\":\"en-US\"},{\"@type\":\"WebPage\",\"@id\":\"https:\\\/\\\/monastere.ca\\\/en\\\/culture-2\\\/the-legacy-of-silence\\\/\",\"url\":\"https:\\\/\\\/monastere.ca\\\/en\\\/culture-2\\\/the-legacy-of-silence\\\/\",\"name\":\"The legacy of silence - Monast\u00e8re des Augustines\",\"isPartOf\":{\"@id\":\"https:\\\/\\\/monastere.ca\\\/en\\\/#website\"},\"primaryImageOfPage\":{\"@id\":\"https:\\\/\\\/monastere.ca\\\/en\\\/culture-2\\\/the-legacy-of-silence\\\/#primaryimage\"},\"image\":{\"@id\":\"https:\\\/\\\/monastere.ca\\\/en\\\/culture-2\\\/the-legacy-of-silence\\\/#primaryimage\"},\"thumbnailUrl\":\"https:\\\/\\\/monastere.ca\\\/wp-content\\\/uploads\\\/2023\\\/09\\\/Religieuse-au-choeur-609x365-1.jpg\",\"datePublished\":\"2021-01-01T21:00:57+00:00\",\"breadcrumb\":{\"@id\":\"https:\\\/\\\/monastere.ca\\\/en\\\/culture-2\\\/the-legacy-of-silence\\\/#breadcrumb\"},\"inLanguage\":\"en-US\",\"potentialAction\":[{\"@type\":\"ReadAction\",\"target\":[\"https:\\\/\\\/monastere.ca\\\/en\\\/culture-2\\\/the-legacy-of-silence\\\/\"]}]},{\"@type\":\"ImageObject\",\"inLanguage\":\"en-US\",\"@id\":\"https:\\\/\\\/monastere.ca\\\/en\\\/culture-2\\\/the-legacy-of-silence\\\/#primaryimage\",\"url\":\"https:\\\/\\\/monastere.ca\\\/wp-content\\\/uploads\\\/2023\\\/09\\\/Religieuse-au-choeur-609x365-1.jpg\",\"contentUrl\":\"https:\\\/\\\/monastere.ca\\\/wp-content\\\/uploads\\\/2023\\\/09\\\/Religieuse-au-choeur-609x365-1.jpg\",\"width\":609,\"height\":365},{\"@type\":\"BreadcrumbList\",\"@id\":\"https:\\\/\\\/monastere.ca\\\/en\\\/culture-2\\\/the-legacy-of-silence\\\/#breadcrumb\",\"itemListElement\":[{\"@type\":\"ListItem\",\"position\":1,\"name\":\"Accueil\",\"item\":\"https:\\\/\\\/monastere.ca\\\/en\\\/\"},{\"@type\":\"ListItem\",\"position\":2,\"name\":\"The legacy of silence\"}]},{\"@type\":\"WebSite\",\"@id\":\"https:\\\/\\\/monastere.ca\\\/en\\\/#website\",\"url\":\"https:\\\/\\\/monastere.ca\\\/en\\\/\",\"name\":\"Monast\u00e8re des Augustines\",\"description\":\"Monast\u00e8re des Augustines, un havre patrimonial authentique de sant\u00e9 et de mieux-\u00eatre avec atelier, spa, mus\u00e9e, restaurant et h\u00f4tellerie au Qu\u00e9bec.\",\"publisher\":{\"@id\":\"https:\\\/\\\/monastere.ca\\\/en\\\/#organization\"},\"potentialAction\":[{\"@type\":\"SearchAction\",\"target\":{\"@type\":\"EntryPoint\",\"urlTemplate\":\"https:\\\/\\\/monastere.ca\\\/en\\\/?s={search_term_string}\"},\"query-input\":{\"@type\":\"PropertyValueSpecification\",\"valueRequired\":true,\"valueName\":\"search_term_string\"}}],\"inLanguage\":\"en-US\"},{\"@type\":\"Organization\",\"@id\":\"https:\\\/\\\/monastere.ca\\\/en\\\/#organization\",\"name\":\"Monast\u00e8re des Augustines\",\"url\":\"https:\\\/\\\/monastere.ca\\\/en\\\/\",\"logo\":{\"@type\":\"ImageObject\",\"inLanguage\":\"en-US\",\"@id\":\"https:\\\/\\\/monastere.ca\\\/en\\\/#\\\/schema\\\/logo\\\/image\\\/\",\"url\":\"https:\\\/\\\/monastere.ca\\\/wp-content\\\/uploads\\\/2023\\\/07\\\/logo-monastere.svg\",\"contentUrl\":\"https:\\\/\\\/monastere.ca\\\/wp-content\\\/uploads\\\/2023\\\/07\\\/logo-monastere.svg\",\"width\":1,\"height\":1,\"caption\":\"Monast\u00e8re des Augustines\"},\"image\":{\"@id\":\"https:\\\/\\\/monastere.ca\\\/en\\\/#\\\/schema\\\/logo\\\/image\\\/\"},\"sameAs\":[\"https:\\\/\\\/www.facebook.com\\\/monastere.ca\\\/?locale=fr_CA\",\"https:\\\/\\\/www.instagram.com\\\/lemonasteredesaugustines\\\/\",\"https:\\\/\\\/www.linkedin.com\\\/company\\\/le-monastere-des-augustines\\\/?originalSubdomain=ca\",\"https:\\\/\\\/fr.tripadvisor.ca\\\/Hotel_Review-g155033-d8460643-Reviews-Le_Monastere_des_Augustines-Quebec_City_Quebec.html\"]},{\"@type\":\"Person\",\"@id\":\"https:\\\/\\\/monastere.ca\\\/en\\\/#\\\/schema\\\/person\\\/928c2ec72082d80a5dfc2fee9985d13f\",\"name\":\"ixmedia\",\"image\":{\"@type\":\"ImageObject\",\"inLanguage\":\"en-US\",\"@id\":\"https:\\\/\\\/secure.gravatar.com\\\/avatar\\\/f7c3712cb9481494136df939090418c1f2249bec8d254a8813fd79db6ea80053?s=96&d=mm&r=g\",\"url\":\"https:\\\/\\\/secure.gravatar.com\\\/avatar\\\/f7c3712cb9481494136df939090418c1f2249bec8d254a8813fd79db6ea80053?s=96&d=mm&r=g\",\"contentUrl\":\"https:\\\/\\\/secure.gravatar.com\\\/avatar\\\/f7c3712cb9481494136df939090418c1f2249bec8d254a8813fd79db6ea80053?s=96&d=mm&r=g\",\"caption\":\"ixmedia\"},\"sameAs\":[\"https:\\\/\\\/monastere.ca\"]}]}<\/script>\n<!-- \/ Yoast SEO plugin. -->","yoast_head_json":{"title":"The legacy of silence - Monast\u00e8re des Augustines","robots":{"index":"index","follow":"follow","max-snippet":"max-snippet:-1","max-image-preview":"max-image-preview:large","max-video-preview":"max-video-preview:-1"},"canonical":"https:\/\/monastere.ca\/en\/culture-2\/the-legacy-of-silence\/","og_locale":"en_US","og_type":"article","og_title":"The legacy of silence - Monast\u00e8re des Augustines","og_description":"At Le Monast\u00e8re des Augustines, we have the privilege and responsibility to preserve and enhance the material, immaterial, social and spiritual heritage of the Augustinian Sisters. Since silence has settled in Le Monast\u00e8re in thin layers for more than 375 years, we recognize it as a paradoxically immaterial legacy, but one that is tangible. We [&hellip;]","og_url":"https:\/\/monastere.ca\/en\/culture-2\/the-legacy-of-silence\/","og_site_name":"Monast\u00e8re des Augustines","article_publisher":"https:\/\/www.facebook.com\/monastere.ca\/?locale=fr_CA","article_published_time":"2021-01-01T21:00:57+00:00","og_image":[{"width":609,"height":365,"url":"https:\/\/monastere.ca\/wp-content\/uploads\/2023\/09\/Religieuse-au-choeur-609x365-1.jpg","type":"image\/jpeg"}],"author":"ixmedia","twitter_card":"summary_large_image","twitter_misc":{"Written by":"ixmedia","Est. reading time":"5 minutes"},"schema":{"@context":"https:\/\/schema.org","@graph":[{"@type":"Article","@id":"https:\/\/monastere.ca\/en\/culture-2\/the-legacy-of-silence\/#article","isPartOf":{"@id":"https:\/\/monastere.ca\/en\/culture-2\/the-legacy-of-silence\/"},"author":{"name":"ixmedia","@id":"https:\/\/monastere.ca\/en\/#\/schema\/person\/928c2ec72082d80a5dfc2fee9985d13f"},"headline":"The legacy of silence","datePublished":"2021-01-01T21:00:57+00:00","mainEntityOfPage":{"@id":"https:\/\/monastere.ca\/en\/culture-2\/the-legacy-of-silence\/"},"wordCount":995,"publisher":{"@id":"https:\/\/monastere.ca\/en\/#organization"},"image":{"@id":"https:\/\/monastere.ca\/en\/culture-2\/the-legacy-of-silence\/#primaryimage"},"thumbnailUrl":"https:\/\/monastere.ca\/wp-content\/uploads\/2023\/09\/Religieuse-au-choeur-609x365-1.jpg","articleSection":["Culture"],"inLanguage":"en-US"},{"@type":"WebPage","@id":"https:\/\/monastere.ca\/en\/culture-2\/the-legacy-of-silence\/","url":"https:\/\/monastere.ca\/en\/culture-2\/the-legacy-of-silence\/","name":"The legacy of silence - Monast\u00e8re des Augustines","isPartOf":{"@id":"https:\/\/monastere.ca\/en\/#website"},"primaryImageOfPage":{"@id":"https:\/\/monastere.ca\/en\/culture-2\/the-legacy-of-silence\/#primaryimage"},"image":{"@id":"https:\/\/monastere.ca\/en\/culture-2\/the-legacy-of-silence\/#primaryimage"},"thumbnailUrl":"https:\/\/monastere.ca\/wp-content\/uploads\/2023\/09\/Religieuse-au-choeur-609x365-1.jpg","datePublished":"2021-01-01T21:00:57+00:00","breadcrumb":{"@id":"https:\/\/monastere.ca\/en\/culture-2\/the-legacy-of-silence\/#breadcrumb"},"inLanguage":"en-US","potentialAction":[{"@type":"ReadAction","target":["https:\/\/monastere.ca\/en\/culture-2\/the-legacy-of-silence\/"]}]},{"@type":"ImageObject","inLanguage":"en-US","@id":"https:\/\/monastere.ca\/en\/culture-2\/the-legacy-of-silence\/#primaryimage","url":"https:\/\/monastere.ca\/wp-content\/uploads\/2023\/09\/Religieuse-au-choeur-609x365-1.jpg","contentUrl":"https:\/\/monastere.ca\/wp-content\/uploads\/2023\/09\/Religieuse-au-choeur-609x365-1.jpg","width":609,"height":365},{"@type":"BreadcrumbList","@id":"https:\/\/monastere.ca\/en\/culture-2\/the-legacy-of-silence\/#breadcrumb","itemListElement":[{"@type":"ListItem","position":1,"name":"Accueil","item":"https:\/\/monastere.ca\/en\/"},{"@type":"ListItem","position":2,"name":"The legacy of silence"}]},{"@type":"WebSite","@id":"https:\/\/monastere.ca\/en\/#website","url":"https:\/\/monastere.ca\/en\/","name":"Monast\u00e8re des Augustines","description":"Monast\u00e8re des Augustines, un havre patrimonial authentique de sant\u00e9 et de mieux-\u00eatre avec atelier, spa, mus\u00e9e, restaurant et h\u00f4tellerie au Qu\u00e9bec.","publisher":{"@id":"https:\/\/monastere.ca\/en\/#organization"},"potentialAction":[{"@type":"SearchAction","target":{"@type":"EntryPoint","urlTemplate":"https:\/\/monastere.ca\/en\/?s={search_term_string}"},"query-input":{"@type":"PropertyValueSpecification","valueRequired":true,"valueName":"search_term_string"}}],"inLanguage":"en-US"},{"@type":"Organization","@id":"https:\/\/monastere.ca\/en\/#organization","name":"Monast\u00e8re des Augustines","url":"https:\/\/monastere.ca\/en\/","logo":{"@type":"ImageObject","inLanguage":"en-US","@id":"https:\/\/monastere.ca\/en\/#\/schema\/logo\/image\/","url":"https:\/\/monastere.ca\/wp-content\/uploads\/2023\/07\/logo-monastere.svg","contentUrl":"https:\/\/monastere.ca\/wp-content\/uploads\/2023\/07\/logo-monastere.svg","width":1,"height":1,"caption":"Monast\u00e8re des Augustines"},"image":{"@id":"https:\/\/monastere.ca\/en\/#\/schema\/logo\/image\/"},"sameAs":["https:\/\/www.facebook.com\/monastere.ca\/?locale=fr_CA","https:\/\/www.instagram.com\/lemonasteredesaugustines\/","https:\/\/www.linkedin.com\/company\/le-monastere-des-augustines\/?originalSubdomain=ca","https:\/\/fr.tripadvisor.ca\/Hotel_Review-g155033-d8460643-Reviews-Le_Monastere_des_Augustines-Quebec_City_Quebec.html"]},{"@type":"Person","@id":"https:\/\/monastere.ca\/en\/#\/schema\/person\/928c2ec72082d80a5dfc2fee9985d13f","name":"ixmedia","image":{"@type":"ImageObject","inLanguage":"en-US","@id":"https:\/\/secure.gravatar.com\/avatar\/f7c3712cb9481494136df939090418c1f2249bec8d254a8813fd79db6ea80053?s=96&d=mm&r=g","url":"https:\/\/secure.gravatar.com\/avatar\/f7c3712cb9481494136df939090418c1f2249bec8d254a8813fd79db6ea80053?s=96&d=mm&r=g","contentUrl":"https:\/\/secure.gravatar.com\/avatar\/f7c3712cb9481494136df939090418c1f2249bec8d254a8813fd79db6ea80053?s=96&d=mm&r=g","caption":"ixmedia"},"sameAs":["https:\/\/monastere.ca"]}]}},"publishpress_future_workflow_manual_trigger":{"enabledWorkflows":[]},"_links":{"self":[{"href":"https:\/\/monastere.ca\/en\/wp-json\/wp\/v2\/posts\/5293","targetHints":{"allow":["GET"]}}],"collection":[{"href":"https:\/\/monastere.ca\/en\/wp-json\/wp\/v2\/posts"}],"about":[{"href":"https:\/\/monastere.ca\/en\/wp-json\/wp\/v2\/types\/post"}],"author":[{"embeddable":true,"href":"https:\/\/monastere.ca\/en\/wp-json\/wp\/v2\/users\/1"}],"replies":[{"embeddable":true,"href":"https:\/\/monastere.ca\/en\/wp-json\/wp\/v2\/comments?post=5293"}],"version-history":[{"count":0,"href":"https:\/\/monastere.ca\/en\/wp-json\/wp\/v2\/posts\/5293\/revisions"}],"wp:featuredmedia":[{"embeddable":true,"href":"https:\/\/monastere.ca\/en\/wp-json\/wp\/v2\/media\/5294"}],"wp:attachment":[{"href":"https:\/\/monastere.ca\/en\/wp-json\/wp\/v2\/media?parent=5293"}],"wp:term":[{"taxonomy":"category","embeddable":true,"href":"https:\/\/monastere.ca\/en\/wp-json\/wp\/v2\/categories?post=5293"},{"taxonomy":"post_tag","embeddable":true,"href":"https:\/\/monastere.ca\/en\/wp-json\/wp\/v2\/tags?post=5293"},{"taxonomy":"authors","embeddable":true,"href":"https:\/\/monastere.ca\/en\/wp-json\/wp\/v2\/authors?post=5293"}],"curies":[{"name":"wp","href":"https:\/\/api.w.org\/{rel}","templated":true}]}}